{"id":2289,"date":"2020-11-12T11:28:00","date_gmt":"2020-11-12T10:28:00","guid":{"rendered":"https:\/\/intrasense.fr\/?post_type=actualite&#038;p=2289"},"modified":"2022-10-12T11:29:05","modified_gmt":"2022-10-12T09:29:05","slug":"nouveau-directeur-financier-du-groupe","status":"publish","type":"actualite","link":"https:\/\/intrasense.fr\/fr\/actualite\/nouveau-directeur-financier-du-groupe\/","title":{"rendered":"Nouveau directeur financier du groupe"},"content":{"rendered":"\n<p>Intrasense annonce la nomination de Lionel Seltz au poste de directeur financier du groupe. Il dispose d'une expertise financi\u00e8re et d'une exp\u00e9rience internationale dans la structuration des entreprises en croissance afin de r\u00e9pondre aux nouvelles exigences de d\u00e9veloppement des entreprises.<\/p>\n","protected":false},"excerpt":{"rendered":"<p>Intrasense annonce la nomination de Lionel Seltz au poste de directeur financier du groupe. Il dispose d'une expertise financi\u00e8re et d'une exp\u00e9rience internationale dans la structuration des entreprises en croissance afin de r\u00e9pondre aux nouvelles exigences de d\u00e9veloppement des entreprises.<\/p>\n","protected":false},"author":1,"featured_media":0,"template":"","categories":[19],"class_list":["post-2289","actualite","type-actualite","status-publish","hentry","category-presse"],"acf":[],"yoast_head":"<!-- This site is optimized with the Yoast SEO plugin v27.3 - https:\/\/yoast.com\/product\/yoast-seo-wordpress\/ -->\n<title>Nouveau directeur financier du groupe - Intrasense<\/title>\n<meta name=\"robots\" content=\"index, follow, max-snippet:-1, max-image-preview:large, max-video-preview:-1\" \/>\n<link rel=\"canonical\" href=\"https:\/\/intrasense.fr\/fr\/actualite\/nouveau-directeur-financier-du-groupe\/\" \/>\n<meta property=\"og:locale\" content=\"fr_FR\" \/>\n<meta property=\"og:type\" content=\"article\" \/>\n<meta property=\"og:title\" content=\"Nouveau directeur financier du groupe - Intrasense\" \/>\n<meta property=\"og:description\" content=\"Intrasense annonce la nomination de Lionel Seltz au poste de directeur financier du groupe. Il dispose d&#039;une expertise financi\u00e8re et d&#039;une exp\u00e9rience internationale dans la structuration des entreprises en croissance afin de r\u00e9pondre aux nouvelles exigences de d\u00e9veloppement des entreprises.\" \/>\n<meta property=\"og:url\" content=\"https:\/\/intrasense.fr\/fr\/actualite\/nouveau-directeur-financier-du-groupe\/\" \/>\n<meta property=\"og:site_name\" content=\"Intrasense\" \/>\n<meta property=\"article:modified_time\" content=\"2022-10-12T09:29:05+00:00\" \/>\n<meta name=\"twitter:card\" content=\"summary_large_image\" \/>\n<meta name=\"twitter:label1\" content=\"Dur\u00e9e de lecture estim\u00e9e\" \/>\n\t<meta name=\"twitter:data1\" content=\"1 minute\" \/>\n<script type=\"application\/ld+json\" class=\"yoast-schema-graph\">{\"@context\":\"https:\\\/\\\/schema.org\",\"@graph\":[{\"@type\":\"WebPage\",\"@id\":\"https:\\\/\\\/intrasense.fr\\\/fr\\\/actualite\\\/nouveau-directeur-financier-du-groupe\\\/\",\"url\":\"https:\\\/\\\/intrasense.fr\\\/fr\\\/actualite\\\/nouveau-directeur-financier-du-groupe\\\/\",\"name\":\"Nouveau directeur financier du groupe - Intrasense\",\"isPartOf\":{\"@id\":\"https:\\\/\\\/intrasense.fr\\\/fr\\\/#website\"},\"datePublished\":\"2020-11-12T10:28:00+00:00\",\"dateModified\":\"2022-10-12T09:29:05+00:00\",\"breadcrumb\":{\"@id\":\"https:\\\/\\\/intrasense.fr\\\/fr\\\/actualite\\\/nouveau-directeur-financier-du-groupe\\\/#breadcrumb\"},\"inLanguage\":\"fr-FR\",\"potentialAction\":[{\"@type\":\"ReadAction\",\"target\":[\"https:\\\/\\\/intrasense.fr\\\/fr\\\/actualite\\\/nouveau-directeur-financier-du-groupe\\\/\"]}]},{\"@type\":\"BreadcrumbList\",\"@id\":\"https:\\\/\\\/intrasense.fr\\\/fr\\\/actualite\\\/nouveau-directeur-financier-du-groupe\\\/#breadcrumb\",\"itemListElement\":[{\"@type\":\"ListItem\",\"position\":1,\"name\":\"Home\",\"item\":\"https:\\\/\\\/intrasense.fr\\\/fr\\\/\"},{\"@type\":\"ListItem\",\"position\":2,\"name\":\"Nouveau directeur financier du groupe\"}]},{\"@type\":\"WebSite\",\"@id\":\"https:\\\/\\\/intrasense.fr\\\/fr\\\/#website\",\"url\":\"https:\\\/\\\/intrasense.fr\\\/fr\\\/\",\"name\":\"Intrasense\",\"description\":\"\",\"potentialAction\":[{\"@type\":\"SearchAction\",\"target\":{\"@type\":\"EntryPoint\",\"urlTemplate\":\"https:\\\/\\\/intrasense.fr\\\/fr\\\/?s={search_term_string}\"},\"query-input\":{\"@type\":\"PropertyValueSpecification\",\"valueRequired\":true,\"valueName\":\"search_term_string\"}}],\"inLanguage\":\"fr-FR\"}]}<\/script>\n<!-- \/ Yoast SEO plugin. -->","yoast_head_json":{"title":"Nouveau directeur financier du groupe - Intrasense","robots":{"index":"index","follow":"follow","max-snippet":"max-snippet:-1","max-image-preview":"max-image-preview:large","max-video-preview":"max-video-preview:-1"},"canonical":"https:\/\/intrasense.fr\/fr\/actualite\/nouveau-directeur-financier-du-groupe\/","og_locale":"fr_FR","og_type":"article","og_title":"Nouveau directeur financier du groupe - Intrasense","og_description":"Intrasense annonce la nomination de Lionel Seltz au poste de directeur financier du groupe. Il dispose d'une expertise financi\u00e8re et d'une exp\u00e9rience internationale dans la structuration des entreprises en croissance afin de r\u00e9pondre aux nouvelles exigences de d\u00e9veloppement des entreprises.","og_url":"https:\/\/intrasense.fr\/fr\/actualite\/nouveau-directeur-financier-du-groupe\/","og_site_name":"Intrasense","article_modified_time":"2022-10-12T09:29:05+00:00","twitter_card":"summary_large_image","twitter_misc":{"Dur\u00e9e de lecture estim\u00e9e":"1 minute"},"schema":{"@context":"https:\/\/schema.org","@graph":[{"@type":"WebPage","@id":"https:\/\/intrasense.fr\/fr\/actualite\/nouveau-directeur-financier-du-groupe\/","url":"https:\/\/intrasense.fr\/fr\/actualite\/nouveau-directeur-financier-du-groupe\/","name":"Nouveau directeur financier du groupe - Intrasense","isPartOf":{"@id":"https:\/\/intrasense.fr\/fr\/#website"},"datePublished":"2020-11-12T10:28:00+00:00","dateModified":"2022-10-12T09:29:05+00:00","breadcrumb":{"@id":"https:\/\/intrasense.fr\/fr\/actualite\/nouveau-directeur-financier-du-groupe\/#breadcrumb"},"inLanguage":"fr-FR","potentialAction":[{"@type":"ReadAction","target":["https:\/\/intrasense.fr\/fr\/actualite\/nouveau-directeur-financier-du-groupe\/"]}]},{"@type":"BreadcrumbList","@id":"https:\/\/intrasense.fr\/fr\/actualite\/nouveau-directeur-financier-du-groupe\/#breadcrumb","itemListElement":[{"@type":"ListItem","position":1,"name":"Home","item":"https:\/\/intrasense.fr\/fr\/"},{"@type":"ListItem","position":2,"name":"Nouveau directeur financier du groupe"}]},{"@type":"WebSite","@id":"https:\/\/intrasense.fr\/fr\/#website","url":"https:\/\/intrasense.fr\/fr\/","name":"Intrasense","description":"","potentialAction":[{"@type":"SearchAction","target":{"@type":"EntryPoint","urlTemplate":"https:\/\/intrasense.fr\/fr\/?s={search_term_string}"},"query-input":{"@type":"PropertyValueSpecification","valueRequired":true,"valueName":"search_term_string"}}],"inLanguage":"fr-FR"}]}},"_links":{"self":[{"href":"https:\/\/intrasense.fr\/fr\/wp-json\/wp\/v2\/actualite\/2289","targetHints":{"allow":["GET"]}}],"collection":[{"href":"https:\/\/intrasense.fr\/fr\/wp-json\/wp\/v2\/actualite"}],"about":[{"href":"https:\/\/intrasense.fr\/fr\/wp-json\/wp\/v2\/types\/actualite"}],"author":[{"embeddable":true,"href":"https:\/\/intrasense.fr\/fr\/wp-json\/wp\/v2\/users\/1"}],"wp:attachment":[{"href":"https:\/\/intrasense.fr\/fr\/wp-json\/wp\/v2\/media?parent=2289"}],"wp:term":[{"taxonomy":"category","embeddable":true,"href":"https:\/\/intrasense.fr\/fr\/wp-json\/wp\/v2\/categories?post=2289"}],"curies":[{"name":"wp","href":"https:\/\/api.w.org\/{rel}","templated":true}]}}