{"id":7857,"date":"2025-03-26T17:45:00","date_gmt":"2025-03-26T16:45:00","guid":{"rendered":"https:\/\/intrasense.fr\/?post_type=actualite&#038;p=7857"},"modified":"2025-03-26T17:46:10","modified_gmt":"2025-03-26T16:46:10","slug":"des-resultats-annuels-2024-en-retrait-dans-un-contexte-assume-de-transformation-delargissement-de-la-gamme-produits-et-dinvestissements-strategiques-au-service-de-la-croissance-de-d","status":"publish","type":"actualite","link":"https:\/\/intrasense.fr\/fr\/actualite\/des-resultats-annuels-2024-en-retrait-dans-un-contexte-assume-de-transformation-delargissement-de-la-gamme-produits-et-dinvestissements-strategiques-au-service-de-la-croissance-de-d\/","title":{"rendered":"Des r\u00e9sultats annuels 2024 en retrait dans un contexte assum\u00e9 de transformation, d\u2019\u00e9largissement de la gamme produits et d\u2019investissements strat\u00e9giques au service de la croissance de demain"},"content":{"rendered":"\n<p><strong>Intrasense<\/strong> (ISIN\u00a0: FR0011179886), expert fran\u00e7ais en solutions d\u2019imagerie m\u00e9dicale facilitant les diagnostics, la prise de d\u00e9cision et le suivi th\u00e9rapeutique, annonce la publication de ses r\u00e9sultats annuels 2024 et de sa nouvelle feuille de route strat\u00e9gique. Ces comptes ont \u00e9t\u00e9 arr\u00eat\u00e9s le 25 mars 2025 par le Conseil d\u2019Administration. Les proc\u00e9dures d\u2019audit sur les comptes consolid\u00e9s ont \u00e9t\u00e9 effectu\u00e9es et le rapport de certification a \u00e9t\u00e9 \u00e9mis le 26 mars par les commissaires aux comptes.<\/p>\n","protected":false},"excerpt":{"rendered":"<p>Intrasense (ISIN\u00a0: FR0011179886), expert fran\u00e7ais en solutions d\u2019imagerie m\u00e9dicale facilitant les diagnostics, la prise de d\u00e9cision et le suivi th\u00e9rapeutique, annonce la publication de ses r\u00e9sultats annuels 2024 et de sa nouvelle feuille de route strat\u00e9gique. Ces comptes ont \u00e9t\u00e9 arr\u00eat\u00e9s le 25 mars 2025 par le Conseil d\u2019Administration. Les proc\u00e9dures d\u2019audit sur les comptes [&hellip;]<\/p>\n","protected":false},"author":2,"featured_media":0,"template":"","categories":[19],"class_list":["post-7857","actualite","type-actualite","status-publish","hentry","category-presse"],"acf":[],"yoast_head":"<!-- This site is optimized with the Yoast SEO plugin v27.3 - https:\/\/yoast.com\/product\/yoast-seo-wordpress\/ -->\n<title>Des r\u00e9sultats annuels 2024 en retrait dans un contexte assum\u00e9 de transformation, d\u2019\u00e9largissement de la gamme produits et d\u2019investissements strat\u00e9giques au service de la croissance de demain - Intrasense<\/title>\n<meta name=\"robots\" content=\"index, follow, max-snippet:-1, max-image-preview:large, max-video-preview:-1\" \/>\n<link rel=\"canonical\" href=\"https:\/\/intrasense.fr\/fr\/actualite\/des-resultats-annuels-2024-en-retrait-dans-un-contexte-assume-de-transformation-delargissement-de-la-gamme-produits-et-dinvestissements-strategiques-au-service-de-la-croissance-de-d\/\" \/>\n<meta property=\"og:locale\" content=\"fr_FR\" \/>\n<meta property=\"og:type\" content=\"article\" \/>\n<meta property=\"og:title\" content=\"Des r\u00e9sultats annuels 2024 en retrait dans un contexte assum\u00e9 de transformation, d\u2019\u00e9largissement de la gamme produits et d\u2019investissements strat\u00e9giques au service de la croissance de demain - Intrasense\" \/>\n<meta property=\"og:description\" content=\"Intrasense (ISIN\u00a0: FR0011179886), expert fran\u00e7ais en solutions d\u2019imagerie m\u00e9dicale facilitant les diagnostics, la prise de d\u00e9cision et le suivi th\u00e9rapeutique, annonce la publication de ses r\u00e9sultats annuels 2024 et de sa nouvelle feuille de route strat\u00e9gique. Ces comptes ont \u00e9t\u00e9 arr\u00eat\u00e9s le 25 mars 2025 par le Conseil d\u2019Administration. Les proc\u00e9dures d\u2019audit sur les comptes [&hellip;]\" \/>\n<meta property=\"og:url\" content=\"https:\/\/intrasense.fr\/fr\/actualite\/des-resultats-annuels-2024-en-retrait-dans-un-contexte-assume-de-transformation-delargissement-de-la-gamme-produits-et-dinvestissements-strategiques-au-service-de-la-croissance-de-d\/\" \/>\n<meta property=\"og:site_name\" content=\"Intrasense\" \/>\n<meta property=\"article:modified_time\" content=\"2025-03-26T16:46:10+00:00\" \/>\n<meta name=\"twitter:card\" content=\"summary_large_image\" \/>\n<meta name=\"twitter:label1\" content=\"Dur\u00e9e de lecture estim\u00e9e\" \/>\n\t<meta name=\"twitter:data1\" content=\"1 minute\" \/>\n<script type=\"application\/ld+json\" class=\"yoast-schema-graph\">{\"@context\":\"https:\\\/\\\/schema.org\",\"@graph\":[{\"@type\":\"WebPage\",\"@id\":\"https:\\\/\\\/intrasense.fr\\\/fr\\\/actualite\\\/des-resultats-annuels-2024-en-retrait-dans-un-contexte-assume-de-transformation-delargissement-de-la-gamme-produits-et-dinvestissements-strategiques-au-service-de-la-croissance-de-d\\\/\",\"url\":\"https:\\\/\\\/intrasense.fr\\\/fr\\\/actualite\\\/des-resultats-annuels-2024-en-retrait-dans-un-contexte-assume-de-transformation-delargissement-de-la-gamme-produits-et-dinvestissements-strategiques-au-service-de-la-croissance-de-d\\\/\",\"name\":\"Des r\u00e9sultats annuels 2024 en retrait dans un contexte assum\u00e9 de transformation, d\u2019\u00e9largissement de la gamme produits et d\u2019investissements strat\u00e9giques au service de la croissance de demain - Intrasense\",\"isPartOf\":{\"@id\":\"https:\\\/\\\/intrasense.fr\\\/fr\\\/#website\"},\"datePublished\":\"2025-03-26T16:45:00+00:00\",\"dateModified\":\"2025-03-26T16:46:10+00:00\",\"breadcrumb\":{\"@id\":\"https:\\\/\\\/intrasense.fr\\\/fr\\\/actualite\\\/des-resultats-annuels-2024-en-retrait-dans-un-contexte-assume-de-transformation-delargissement-de-la-gamme-produits-et-dinvestissements-strategiques-au-service-de-la-croissance-de-d\\\/#breadcrumb\"},\"inLanguage\":\"fr-FR\",\"potentialAction\":[{\"@type\":\"ReadAction\",\"target\":[\"https:\\\/\\\/intrasense.fr\\\/fr\\\/actualite\\\/des-resultats-annuels-2024-en-retrait-dans-un-contexte-assume-de-transformation-delargissement-de-la-gamme-produits-et-dinvestissements-strategiques-au-service-de-la-croissance-de-d\\\/\"]}]},{\"@type\":\"BreadcrumbList\",\"@id\":\"https:\\\/\\\/intrasense.fr\\\/fr\\\/actualite\\\/des-resultats-annuels-2024-en-retrait-dans-un-contexte-assume-de-transformation-delargissement-de-la-gamme-produits-et-dinvestissements-strategiques-au-service-de-la-croissance-de-d\\\/#breadcrumb\",\"itemListElement\":[{\"@type\":\"ListItem\",\"position\":1,\"name\":\"Home\",\"item\":\"https:\\\/\\\/intrasense.fr\\\/fr\\\/\"},{\"@type\":\"ListItem\",\"position\":2,\"name\":\"Des r\u00e9sultats annuels 2024 en retrait dans un contexte assum\u00e9 de transformation, d\u2019\u00e9largissement de la gamme produits et d\u2019investissements strat\u00e9giques au service de la croissance de demain\"}]},{\"@type\":\"WebSite\",\"@id\":\"https:\\\/\\\/intrasense.fr\\\/fr\\\/#website\",\"url\":\"https:\\\/\\\/intrasense.fr\\\/fr\\\/\",\"name\":\"Intrasense\",\"description\":\"\",\"potentialAction\":[{\"@type\":\"SearchAction\",\"target\":{\"@type\":\"EntryPoint\",\"urlTemplate\":\"https:\\\/\\\/intrasense.fr\\\/fr\\\/?s={search_term_string}\"},\"query-input\":{\"@type\":\"PropertyValueSpecification\",\"valueRequired\":true,\"valueName\":\"search_term_string\"}}],\"inLanguage\":\"fr-FR\"}]}<\/script>\n<!-- \/ Yoast SEO plugin. -->","yoast_head_json":{"title":"Des r\u00e9sultats annuels 2024 en retrait dans un contexte assum\u00e9 de transformation, d\u2019\u00e9largissement de la gamme produits et d\u2019investissements strat\u00e9giques au service de la croissance de demain - Intrasense","robots":{"index":"index","follow":"follow","max-snippet":"max-snippet:-1","max-image-preview":"max-image-preview:large","max-video-preview":"max-video-preview:-1"},"canonical":"https:\/\/intrasense.fr\/fr\/actualite\/des-resultats-annuels-2024-en-retrait-dans-un-contexte-assume-de-transformation-delargissement-de-la-gamme-produits-et-dinvestissements-strategiques-au-service-de-la-croissance-de-d\/","og_locale":"fr_FR","og_type":"article","og_title":"Des r\u00e9sultats annuels 2024 en retrait dans un contexte assum\u00e9 de transformation, d\u2019\u00e9largissement de la gamme produits et d\u2019investissements strat\u00e9giques au service de la croissance de demain - Intrasense","og_description":"Intrasense (ISIN\u00a0: FR0011179886), expert fran\u00e7ais en solutions d\u2019imagerie m\u00e9dicale facilitant les diagnostics, la prise de d\u00e9cision et le suivi th\u00e9rapeutique, annonce la publication de ses r\u00e9sultats annuels 2024 et de sa nouvelle feuille de route strat\u00e9gique. Ces comptes ont \u00e9t\u00e9 arr\u00eat\u00e9s le 25 mars 2025 par le Conseil d\u2019Administration. Les proc\u00e9dures d\u2019audit sur les comptes [&hellip;]","og_url":"https:\/\/intrasense.fr\/fr\/actualite\/des-resultats-annuels-2024-en-retrait-dans-un-contexte-assume-de-transformation-delargissement-de-la-gamme-produits-et-dinvestissements-strategiques-au-service-de-la-croissance-de-d\/","og_site_name":"Intrasense","article_modified_time":"2025-03-26T16:46:10+00:00","twitter_card":"summary_large_image","twitter_misc":{"Dur\u00e9e de lecture estim\u00e9e":"1 minute"},"schema":{"@context":"https:\/\/schema.org","@graph":[{"@type":"WebPage","@id":"https:\/\/intrasense.fr\/fr\/actualite\/des-resultats-annuels-2024-en-retrait-dans-un-contexte-assume-de-transformation-delargissement-de-la-gamme-produits-et-dinvestissements-strategiques-au-service-de-la-croissance-de-d\/","url":"https:\/\/intrasense.fr\/fr\/actualite\/des-resultats-annuels-2024-en-retrait-dans-un-contexte-assume-de-transformation-delargissement-de-la-gamme-produits-et-dinvestissements-strategiques-au-service-de-la-croissance-de-d\/","name":"Des r\u00e9sultats annuels 2024 en retrait dans un contexte assum\u00e9 de transformation, d\u2019\u00e9largissement de la gamme produits et d\u2019investissements strat\u00e9giques au service de la croissance de demain - Intrasense","isPartOf":{"@id":"https:\/\/intrasense.fr\/fr\/#website"},"datePublished":"2025-03-26T16:45:00+00:00","dateModified":"2025-03-26T16:46:10+00:00","breadcrumb":{"@id":"https:\/\/intrasense.fr\/fr\/actualite\/des-resultats-annuels-2024-en-retrait-dans-un-contexte-assume-de-transformation-delargissement-de-la-gamme-produits-et-dinvestissements-strategiques-au-service-de-la-croissance-de-d\/#breadcrumb"},"inLanguage":"fr-FR","potentialAction":[{"@type":"ReadAction","target":["https:\/\/intrasense.fr\/fr\/actualite\/des-resultats-annuels-2024-en-retrait-dans-un-contexte-assume-de-transformation-delargissement-de-la-gamme-produits-et-dinvestissements-strategiques-au-service-de-la-croissance-de-d\/"]}]},{"@type":"BreadcrumbList","@id":"https:\/\/intrasense.fr\/fr\/actualite\/des-resultats-annuels-2024-en-retrait-dans-un-contexte-assume-de-transformation-delargissement-de-la-gamme-produits-et-dinvestissements-strategiques-au-service-de-la-croissance-de-d\/#breadcrumb","itemListElement":[{"@type":"ListItem","position":1,"name":"Home","item":"https:\/\/intrasense.fr\/fr\/"},{"@type":"ListItem","position":2,"name":"Des r\u00e9sultats annuels 2024 en retrait dans un contexte assum\u00e9 de transformation, d\u2019\u00e9largissement de la gamme produits et d\u2019investissements strat\u00e9giques au service de la croissance de demain"}]},{"@type":"WebSite","@id":"https:\/\/intrasense.fr\/fr\/#website","url":"https:\/\/intrasense.fr\/fr\/","name":"Intrasense","description":"","potentialAction":[{"@type":"SearchAction","target":{"@type":"EntryPoint","urlTemplate":"https:\/\/intrasense.fr\/fr\/?s={search_term_string}"},"query-input":{"@type":"PropertyValueSpecification","valueRequired":true,"valueName":"search_term_string"}}],"inLanguage":"fr-FR"}]}},"_links":{"self":[{"href":"https:\/\/intrasense.fr\/fr\/wp-json\/wp\/v2\/actualite\/7857","targetHints":{"allow":["GET"]}}],"collection":[{"href":"https:\/\/intrasense.fr\/fr\/wp-json\/wp\/v2\/actualite"}],"about":[{"href":"https:\/\/intrasense.fr\/fr\/wp-json\/wp\/v2\/types\/actualite"}],"author":[{"embeddable":true,"href":"https:\/\/intrasense.fr\/fr\/wp-json\/wp\/v2\/users\/2"}],"wp:attachment":[{"href":"https:\/\/intrasense.fr\/fr\/wp-json\/wp\/v2\/media?parent=7857"}],"wp:term":[{"taxonomy":"category","embeddable":true,"href":"https:\/\/intrasense.fr\/fr\/wp-json\/wp\/v2\/categories?post=7857"}],"curies":[{"name":"wp","href":"https:\/\/api.w.org\/{rel}","templated":true}]}}